{"id":15058,"date":"2021-02-05T20:19:24","date_gmt":"2021-02-05T20:19:24","guid":{"rendered":"http:\/\/icgonzagaeboli.edu.it\/?p=15058"},"modified":"2021-02-05T20:19:24","modified_gmt":"2021-02-05T20:19:24","slug":"avviso-c-295","status":"publish","type":"post","link":"https:\/\/www.geneinformatico.it\/gonzaga\/avviso-c-295\/","title":{"rendered":"Avviso #C-295"},"content":{"rendered":"<table>\n<tbody>\n<tr>\n<td><b>Eboli, 5 febbraio 2021<\/b><\/td>\n<\/tr>\n<\/tbody>\n<\/table>\n<p>Al personale Docente<\/p>\n<p>Ai Sigg. Genitori\/Esercenti la responsabilit\u00e0 genitoriale degli alunni<\/p>\n<p>All\u2019Albo<\/p>\n<p>Al Direttore SGA<\/p>\n<p>Al Sito web<\/p>\n<p><b>Oggetto: incontri scuola\/famiglia del 10-18 febbraio 2021.&nbsp;<\/b><\/p>\n<p>In ottemperanza alle vigenti disposizioni in materia di Covid-19 e con riferimento a quanto gi\u00e0 indicato nel Piano annuale delle attivit\u00e0, si comunica che gli incontri scuola-famiglia si svolgeranno a distanza, in modalit\u00e0 telematica, attraverso la piattaforma&nbsp;<i>Cisco Webe,<\/i>&nbsp;in uso nel nostro Istituto, secondo il calendario e gli orari sotto specificati.<\/p>\n<p>Al riguardo, si evidenzia che:<\/p>\n<ul>\n<li aria-level=\"1\">i Genitori entreranno nella classe virtuale usando le credenziali di accesso dei propri figli e saranno ammessi\/ricevuti in ordine alfabetico, uno alla volta ogni 6 minuti, secondo la scansione oraria che sar\u00e0 comunicata, attraverso il registro elettronico e\/o i genitori rappresentanti e\/o messaggistica istantanea, dal docente coordinatore\/prevalente che presenzier\u00e0 l\u2019incontro in rappresentanza dei docenti Contitolari della sezione\/classe ovvero del Consiglio di classe;<\/li>\n<li aria-level=\"1\">i Genitori che non riuscissero ad accedere agli incontri e\/o avessero particolari esigenze, potranno fare richiesta di colloquio individuale on line con i singoli docenti;&nbsp;<\/li>\n<li aria-level=\"1\"><b>i Docenti impegnati su pi\u00f9 classi<\/b> lasceranno elementi di valutazione per le loro discipline al docente coordinatore che riferir\u00e0 ai genitori.<\/li>\n<\/ul>\n<table>\n<tbody>\n<tr>\n<td><b>Ordine di scuola<\/b><\/td>\n<td><b>Data<\/b><\/td>\n<td><b>Orario<\/b><\/td>\n<td><b>Sezione\/Classe<\/b><\/td>\n<td><b>Docenti<\/b><\/td>\n<\/tr>\n<tr>\n<td rowspan=\"11\"><b>Secondaria di <\/b><b>I<\/b><b> grado<\/b><\/p>\n<p><b><i>\u201cPietro da Eboli\u201d<\/i><\/b><\/td>\n<td rowspan=\"11\"><b>10.02.2021<\/b><\/td>\n<td rowspan=\"11\"><b>16.00-17.20<\/b><\/p>\n<p><b>17.40-19.00<\/b><\/td>\n<td><b>1^A<\/b><\/td>\n<td>De Sio, Lieto, Marzullo V.<\/td>\n<\/tr>\n<tr>\n<td><b>2^A<\/b><\/td>\n<td>Bevilacqua, Busillo Margherita,<\/p>\n<p>De Nigris G., Zurlo,<\/td>\n<\/tr>\n<tr>\n<td><b>3^A<\/b><\/td>\n<td>Cappetta, Monaco<\/td>\n<\/tr>\n<tr>\n<td><b>1^B<\/b><\/td>\n<td>Marino M., Salvatore, Serio<\/td>\n<\/tr>\n<tr>\n<td><b>2^B<\/b><\/td>\n<td>Coscia, Vecchio<\/td>\n<\/tr>\n<tr>\n<td><b>3^B<\/b><\/td>\n<td>Caputo, Turi<\/td>\n<\/tr>\n<tr>\n<td><b>1^C<\/b><\/td>\n<td>De Rosa, Sedan<\/td>\n<\/tr>\n<tr>\n<td><b>2^C<\/b><\/td>\n<td>Magliano, Luongo<\/td>\n<\/tr>\n<tr>\n<td><b>3^C<\/b><\/td>\n<td>Corvo, Fioretti<\/td>\n<\/tr>\n<tr>\n<td><b>1^D<\/b><\/td>\n<td>Paradiso, Pecci, Riviello<\/td>\n<\/tr>\n<tr>\n<td><b>3^D<\/b><\/td>\n<td>Marzullo A., Vignes<\/td>\n<\/tr>\n<tr>\n<td colspan=\"5\">&nbsp;<\/td>\n<\/tr>\n<tr>\n<td rowspan=\"4\"><b>Infanzia<\/b><\/p>\n<p><b><i>\u201cPaterno\u201d<\/i><\/b><\/td>\n<td rowspan=\"4\"><b>18.02.2021<\/b><\/td>\n<td rowspan=\"4\"><b>16.00-18.00<\/b><\/td>\n<td><b>A<\/b><\/td>\n<td>De Martino, Doddato, Tomeo<\/td>\n<\/tr>\n<tr>\n<td><b>B<\/b><\/td>\n<td>Brillante, Martucciello, Opramolla<\/td>\n<\/tr>\n<tr>\n<td><b>C<\/b><\/td>\n<td>Del Grosso, Poloni<\/td>\n<\/tr>\n<tr>\n<td><b>D<\/b><\/td>\n<td>Morrone, Raso, Goffredo<\/td>\n<\/tr>\n<tr>\n<td colspan=\"5\">&nbsp;<\/td>\n<\/tr>\n<tr>\n<td rowspan=\"3\"><b>Infanzia&nbsp;<\/b><\/p>\n<p><b><i>\u201cPendino\u201d<\/i><\/b><\/td>\n<td rowspan=\"3\"><b>18.02.2021<\/b><\/td>\n<td rowspan=\"3\"><b>16.00-18.00<\/b><\/td>\n<td><b>A<\/b><\/td>\n<td>De Luca, Morcaldi<\/td>\n<\/tr>\n<tr>\n<td><b>B<\/b><\/td>\n<td>Lupi, Mazzaro<\/td>\n<\/tr>\n<tr>\n<td><b>C<\/b><\/td>\n<td>Crescibene, Giordano<\/td>\n<\/tr>\n<tr>\n<td colspan=\"5\">&nbsp;<\/td>\n<\/tr>\n<tr>\n<td rowspan=\"7\"><b>Primaria<\/b><\/p>\n<p><b><i>\u201cB. Lauria\u201d<\/i><\/b><\/td>\n<td rowspan=\"7\"><b>18.02.2021<\/b><\/td>\n<td rowspan=\"7\"><b>16.00-17.20<\/b><\/p>\n<p><b>17.40-19.00<\/b><\/td>\n<td><b>1^A<\/b><\/td>\n<td>Morrone, Trotta<\/td>\n<\/tr>\n<tr>\n<td><b>2^A<\/b><\/td>\n<td>Di Biase, D\u2019Onofrio<\/td>\n<\/tr>\n<tr>\n<td><b>3^A<\/b><\/td>\n<td>Coppola, Della Corte&nbsp;<\/td>\n<\/tr>\n<tr>\n<td><b>4^A<\/b><\/td>\n<td>Beatrice, Cerullo<\/td>\n<\/tr>\n<tr>\n<td><b>5^A<\/b><\/td>\n<td>Glielmi, Leone<\/td>\n<\/tr>\n<tr>\n<td><b>3^B<\/b><\/td>\n<td>Capuozzolo, Falcone<\/td>\n<\/tr>\n<tr>\n<td><b>4^B<\/b><\/td>\n<td>Centola, Fortunato<\/td>\n<\/tr>\n<tr>\n<td colspan=\"5\">&nbsp;<\/td>\n<\/tr>\n<tr>\n<td rowspan=\"6\"><b>Primaria<\/b><\/p>\n<p><b><i>\u201cGen. Gonzaga\u201d<\/i><\/b><\/td>\n<td rowspan=\"6\"><b>18.02.2021<\/b><\/td>\n<td rowspan=\"6\"><b>16.00-17.20<\/b><\/p>\n<p><b>17.40-19.00<\/b><\/td>\n<td><b>1^A<\/b><\/td>\n<td>Altieri, Faiella, Marino R.<\/td>\n<\/tr>\n<tr>\n<td><b>2^A<\/b><\/td>\n<td>Russo, De Nigris A.<\/td>\n<\/tr>\n<tr>\n<td><b>3^A<\/b><\/td>\n<td>Marotta, Forlenza<\/td>\n<\/tr>\n<tr>\n<td><b>4^A<\/b><\/td>\n<td>Ferrara, Papace<\/td>\n<\/tr>\n<tr>\n<td><b>5^A<\/b><\/td>\n<td>Palladino, Di Lorenzo<\/td>\n<\/tr>\n<tr>\n<td><b>5^B<\/b><\/td>\n<td>De Luna, Paradiso<\/td>\n<\/tr>\n<tr>\n<td colspan=\"5\">&nbsp;<\/td>\n<\/tr>\n<tr>\n<td rowspan=\"7\"><b>Primaria<\/b><\/p>\n<p><b><i>\u201cPaterno\u201d<\/i><\/b><\/td>\n<td rowspan=\"7\"><b>18.02.2021<\/b><\/td>\n<td rowspan=\"7\"><b>16.00-17.20<\/b><\/p>\n<p><b>17.40-19.00<\/b><\/td>\n<td><b>1^A<\/b><\/td>\n<td>Bello, Scotese A.<\/td>\n<\/tr>\n<tr>\n<td><b>2^A<\/b><\/td>\n<td>Bertone, Rufolo<\/td>\n<\/tr>\n<tr>\n<td><b>3^A<\/b><\/td>\n<td>Del Duca, Scotese M.<\/td>\n<\/tr>\n<tr>\n<td><b>4^A<\/b><\/td>\n<td>Calenda, La Via&nbsp;<\/td>\n<\/tr>\n<tr>\n<td><b>5^A<\/b><\/td>\n<td>De Rosa, Giordano, Melchionda<\/td>\n<\/tr>\n<tr>\n<td><b>1^B<\/b><\/td>\n<td>Di Benedetto Antonietta, Domini, Naponiello<\/td>\n<\/tr>\n<tr>\n<td><b>3^B<\/b><\/td>\n<td>Busillo Maria, Cubicciotti<\/td>\n<\/tr>\n<\/tbody>\n<\/table>\n<p>Si ritiene opportuno precisare:<\/p>\n<ul>\n<li aria-level=\"1\">che per ovvie ragioni di tutela della privacy\/riservatezza, all\u2019incontro potranno accedere esclusivamente i Genitori o soggetti Esercenti la responsabilit\u00e0&nbsp;genitoriale di un solo alunno alla volta;<\/li>\n<li aria-level=\"1\">che durante i colloqui \u00e8 assolutamente vietato effettuare registrazioni audio e video;<\/li>\n<li aria-level=\"1\">che durante l\u2019incontro i partecipanti, docenti e genitori, dovranno attivare la videocamera;<\/li>\n<li aria-level=\"1\">che l\u2019organizzatore della riunione, potr\u00e0 spostare i partecipanti alla riunione nell&#8217;area di ingresso virtuale e bloccare la stessa;<\/li>\n<li aria-level=\"1\">che per ogni ulteriore chiarimento o indicazione di carattere tecnico-organizzativo \u00e8 possibile rivolgersi all\u2019animatore digitale, Ins. Fiorella Leone.<\/li>\n<\/ul>\n<p>Si comunica, inoltre, che le pagelle relative alle valutazioni quadrimestrali saranno visibili nel registro elettronico secondo il calendario indicato nella seguente riportata:<\/p>\n<table>\n<tbody>\n<tr>\n<td><b>Ordine di scuola<\/b><\/td>\n<td><b>A partire da<\/b><\/td>\n<\/tr>\n<tr>\n<td>Secondaria di I grado<\/td>\n<td>Marted\u00ec 9 febbraio 2021<\/td>\n<\/tr>\n<tr>\n<td>Primaria<\/td>\n<td>Mercoled\u00ec 17 febbraio 2021<\/td>\n<\/tr>\n<\/tbody>\n<\/table>\n<p>Confidando nella consueta fattiva collaborazione e buon senso, l\u2019occasione \u00e8 gradita per porgere distinti saluti.<\/p>\n<p>Il Dirigente Scolastico<\/p>\n<p>Dott.ssa Roberta Talamo<\/p>\n","protected":false},"excerpt":{"rendered":"<p>incontri scuola\/famiglia del 10-18 febbraio 2021<\/p>\n","protected":false},"author":1,"featured_media":0,"comment_status":"closed","ping_status":"closed","sticky":false,"template":"","format":"standard","meta":{"footnotes":""},"categories":[633],"tags":[],"class_list":["post-15058","post","type-post","status-publish","format-standard","hentry","category-avvisi"],"_links":{"self":[{"href":"https:\/\/www.geneinformatico.it\/gonzaga\/wp-json\/wp\/v2\/posts\/15058","targetHints":{"allow":["GET"]}}],"collection":[{"href":"https:\/\/www.geneinformatico.it\/gonzaga\/wp-json\/wp\/v2\/posts"}],"about":[{"href":"https:\/\/www.geneinformatico.it\/gonzaga\/wp-json\/wp\/v2\/types\/post"}],"author":[{"embeddable":true,"href":"https:\/\/www.geneinformatico.it\/gonzaga\/wp-json\/wp\/v2\/users\/1"}],"replies":[{"embeddable":true,"href":"https:\/\/www.geneinformatico.it\/gonzaga\/wp-json\/wp\/v2\/comments?post=15058"}],"version-history":[{"count":0,"href":"https:\/\/www.geneinformatico.it\/gonzaga\/wp-json\/wp\/v2\/posts\/15058\/revisions"}],"wp:attachment":[{"href":"https:\/\/www.geneinformatico.it\/gonzaga\/wp-json\/wp\/v2\/media?parent=15058"}],"wp:term":[{"taxonomy":"category","embeddable":true,"href":"https:\/\/www.geneinformatico.it\/gonzaga\/wp-json\/wp\/v2\/categories?post=15058"},{"taxonomy":"post_tag","embeddable":true,"href":"https:\/\/www.geneinformatico.it\/gonzaga\/wp-json\/wp\/v2\/tags?post=15058"}],"curies":[{"name":"wp","href":"https:\/\/api.w.org\/{rel}","templated":true}]}}