{"id":14943,"date":"2021-01-20T20:23:28","date_gmt":"2021-01-20T20:23:28","guid":{"rendered":"http:\/\/icgonzagaeboli.edu.it\/?p=14943"},"modified":"2021-01-20T20:23:28","modified_gmt":"2021-01-20T20:23:28","slug":"circolare-c-96","status":"publish","type":"post","link":"https:\/\/www.geneinformatico.it\/gonzaga\/circolare-c-96\/","title":{"rendered":"Circolare #C-96"},"content":{"rendered":"<p>&nbsp;<\/p>\n<table>\n<tbody>\n<tr>\n<td><b>Eboli, 20 gennaio 2021<\/b><\/td>\n<\/tr>\n<\/tbody>\n<\/table>\n<p>Ai Sigg. Componenti del Consiglio di Istituto:<\/p>\n<table>\n<tbody>\n<tr>\n<td><b>Dirigente Scolastico<\/b><\/td>\n<td><b>Docenti<\/b><\/td>\n<td><b>Genitori<\/b><\/td>\n<\/tr>\n<tr>\n<td rowspan=\"8\">Roberta Talamo<\/td>\n<td>Bello Trinit\u00e0<\/td>\n<td>Avallone Gerardo<\/td>\n<\/tr>\n<tr>\n<td>De Martino Maria&nbsp;<\/td>\n<td>Avallone Teresa<\/td>\n<\/tr>\n<tr>\n<td>Del Duca Antonella&nbsp;<\/td>\n<td>Cappelli Isabella<\/td>\n<\/tr>\n<tr>\n<td>Giugliano Gennaro<\/td>\n<td>D\u2019Andrea Concetta<\/td>\n<\/tr>\n<tr>\n<td>Leone Fiorella<\/td>\n<td>Manna Fulvio&nbsp;<\/td>\n<\/tr>\n<tr>\n<td>Poloni Giulia<\/td>\n<td>Melillo Antonella<\/td>\n<\/tr>\n<tr>\n<td>Russo Loredana<\/td>\n<td>Paradiso Sandra<\/td>\n<\/tr>\n<tr>\n<td>Salvatore Sabrina<\/td>\n<td>Scocozza Silvana<\/td>\n<\/tr>\n<\/tbody>\n<\/table>\n<p>Al Direttore SGA<\/p>\n<p>All\u2019Albo<\/p>\n<p>Al Sito web<\/p>\n<p><b>Oggetto: convocazione Consiglio di Istituto.<\/b><\/p>\n<p>Ai sensi e per gli effetti dell\u2019art. 73, comma 2-bis, del decreto-legge 17 marzo, n. 18 convertito con modificazioni dalla legge 24 aprile 2020, n. 27, <b>il Consiglio di Istituto<\/b> \u00e8 convocato a distanza, in modalit\u00e0 telematica \u2013 tramite piattaforma Cisco Webex \u2013 <b>luned\u00ec 25 gennaio 2021,<\/b> alle ore <b>18.00<\/b>, per discutere e deliberare sui seguenti punti all\u2019ordine del giorno:<\/p>\n<ol>\n<li aria-level=\"1\">Lettura ed approvazione verbale seduta precedente;<\/li>\n<li aria-level=\"1\">Revisione\/aggiornamento PTOF 2019\/2022 \u2013 anno scolastico 2020\/2021;<\/li>\n<li aria-level=\"1\">Determinazione consistenza massima e limiti di importo del fondo economale EF 2021;<\/li>\n<li aria-level=\"1\">Rettifica variazione al Programma Annuale EF 2019;<\/li>\n<li aria-level=\"1\">Variazioni al Programma Annuale EF 2020;<\/li>\n<li aria-level=\"1\">Comunicazioni del Presidente e\/o del Dirigente Scolastico.<\/li>\n<\/ol>\n<p>Il Direttore SGA \u00e8 invitato a partecipare alla seduta in qualit\u00e0 di funzionario amministrativo-contabile dell\u2019Istituto.<\/p>\n<p>Il Presidente del Consiglio di Istituto<\/p>\n<p>Sig. Gerardo Avallone<\/p>\n<p><b>Seguir\u00e0 comunicazione, a mezzo email e<\/b><b>\/o messaggistica istantanea, con il link per partecipare alla riunione <\/b>(si prega di collegarsi almeno 10 minuti prima dell\u2019orario di inizio della seduta).<\/p>\n<p>Al fine di rendere agile il lavoro del Consiglio di Istituto, saranno resi disponibili, tramite email e\/o caricati nella finestra dell\u2019aula virtuale, i documenti ed i materiali relativi ai punti all\u2019odg.<\/p>\n<p>Durante la riunione si adotteranno le modalit\u00e0 di interazione di seguito indicate:<\/p>\n<ul>\n<li aria-level=\"1\">\u00c8 consentito collegarsi da qualsiasi luogo con l\u2019adozione degli accorgimenti tecnici che garantiscano la segretezza della seduta;<\/li>\n<li aria-level=\"1\">Allo scopo di evitare disturbi audio \u00e8 necessario disattivare il microfono dopo essere entrati in riunione;<\/li>\n<li aria-level=\"1\">La rilevazione della presenza avverr\u00e0 direttamente dal sistema di videoconferenza utilizzato;<\/li>\n<li aria-level=\"1\">Per la validit\u00e0 della seduta in modalit\u00e0 telematica restano fermi i requisiti di cui al vigente Regolamento di Istituto;<\/li>\n<li aria-level=\"1\">Al termine dell\u2019illustrazione di ogni punto il Presidente aprir\u00e0 gli interventi;<\/li>\n<li aria-level=\"1\">Le richieste di intervento saranno formulate mediante messaggio sulla chat della videoconferenza (scrivere \u201c<i>Prenoto intervento\u201d<\/i>) e saranno soddisfatte secondo l\u2019ordine di arrivo;<\/li>\n<li aria-level=\"1\">Il Presidente dar\u00e0 la parola a che si \u00e8 prenotato che attiver\u00e0 il proprio microfono, ciascun intervento dovr\u00e0 essere sintetico (2 minuti circa);<\/li>\n<li aria-level=\"1\">Conclusi gli interventi il Presidente aprir\u00e0 la fase deliberativa ed ogni partecipante esprimer\u00e0 il proprio voto secondo le seguenti modalit\u00e0: si assume come favorevole l\u2019opinione di tutti coloro che non manifestano voto contrario o astensione. Per esprimere voto contrario o astensione \u00e8 sufficiente scriverlo nella chat; si proceder\u00e0 in questo modo per ciascun punto da deliberare;<\/li>\n<li aria-level=\"1\">Per tutto quanto non previsto dalla presente e per quanto compatibile, si applicher\u00e0 il Regolamento d\u2019Istituto e la vigente normativa in materia.<\/li>\n<\/ul>\n<p>Per eventuali ulteriori chiarimenti di natura tecnica \u00e8 possibile rivolgersi all\u2019animatore digitale Ins. Fiorella Leone.<\/p>\n","protected":false},"excerpt":{"rendered":"<p>Convocazione Consiglio d&#8217;Istituto<\/p>\n","protected":false},"author":1,"featured_media":0,"comment_status":"closed","ping_status":"closed","sticky":false,"template":"","format":"standard","meta":{"footnotes":""},"categories":[623],"tags":[],"class_list":["post-14943","post","type-post","status-publish","format-standard","hentry","category-circolari"],"_links":{"self":[{"href":"https:\/\/www.geneinformatico.it\/gonzaga\/wp-json\/wp\/v2\/posts\/14943","targetHints":{"allow":["GET"]}}],"collection":[{"href":"https:\/\/www.geneinformatico.it\/gonzaga\/wp-json\/wp\/v2\/posts"}],"about":[{"href":"https:\/\/www.geneinformatico.it\/gonzaga\/wp-json\/wp\/v2\/types\/post"}],"author":[{"embeddable":true,"href":"https:\/\/www.geneinformatico.it\/gonzaga\/wp-json\/wp\/v2\/users\/1"}],"replies":[{"embeddable":true,"href":"https:\/\/www.geneinformatico.it\/gonzaga\/wp-json\/wp\/v2\/comments?post=14943"}],"version-history":[{"count":0,"href":"https:\/\/www.geneinformatico.it\/gonzaga\/wp-json\/wp\/v2\/posts\/14943\/revisions"}],"wp:attachment":[{"href":"https:\/\/www.geneinformatico.it\/gonzaga\/wp-json\/wp\/v2\/media?parent=14943"}],"wp:term":[{"taxonomy":"category","embeddable":true,"href":"https:\/\/www.geneinformatico.it\/gonzaga\/wp-json\/wp\/v2\/categories?post=14943"},{"taxonomy":"post_tag","embeddable":true,"href":"https:\/\/www.geneinformatico.it\/gonzaga\/wp-json\/wp\/v2\/tags?post=14943"}],"curies":[{"name":"wp","href":"https:\/\/api.w.org\/{rel}","templated":true}]}}