{"id":12612,"date":"2019-10-16T16:43:15","date_gmt":"2019-10-16T16:43:15","guid":{"rendered":"http:\/\/icgonzagaeboli.edu.it\/?p=12612"},"modified":"2019-10-16T16:43:15","modified_gmt":"2019-10-16T16:43:15","slug":"avviso-c-23","status":"publish","type":"post","link":"https:\/\/www.geneinformatico.it\/gonzaga\/avviso-c-23\/","title":{"rendered":"Avviso #C-23"},"content":{"rendered":"<table width=\"97%\">\n<tbody>\n<tr>\n<td width=\"100%\"><strong>Eboli, 16 ottobre 2019&nbsp; &nbsp; &nbsp; &nbsp; &nbsp; &nbsp; &nbsp; &nbsp; &nbsp; &nbsp; &nbsp; &nbsp; &nbsp; &nbsp; &nbsp; &nbsp; &nbsp; &nbsp; &nbsp; &nbsp; &nbsp; &nbsp; &nbsp; &nbsp; &nbsp; &nbsp;PROT.N. 3551\/U\/I.4<\/strong><\/td>\n<\/tr>\n<\/tbody>\n<\/table>\n<p>All\u2019Albo<\/p>\n<p>Al Sito web<\/p>\n<h2><strong>Oggetto:<\/strong> <strong>Avviso<\/strong> <strong>di<\/strong> <strong>selezione<\/strong> <strong>per<\/strong> <strong>l\u2019<\/strong><strong>affidamento<\/strong><strong> dell\u2019incarico di <\/strong><strong>\u201cResponsabile della protezione dei dati personali\u201d (RPD o DPO<\/strong><strong>) per gli adempimenti previsti dal <\/strong><strong>Regolamento<\/strong><strong> UE 2016\/679.<\/strong><\/h2>\n<p><strong>Il<\/strong> <strong>Dirigente Scolastico<\/strong><\/p>\n<p><strong>vista <\/strong>la legge 15 marzo 1997 n. 59, concernente \u201cDelega al Governo per il conferimento di funzioni e compiti alle Regioni&nbsp; ed Enti locali, per la riforma della Pubblica Amministrazione e per la semplificazione amministrativa&#8221;;<\/p>\n<p><strong>visto<\/strong> il Decreto del Presidente della Repubblica 8 marzo 1999, n. 275,&nbsp;concernente il Regolamento recante norme in materia di autonomia delle Istituzioni Scolastiche, ai&nbsp;sensi&nbsp;della legge 15 marzo 1997, n. 59;<\/p>\n<p><strong>visto <\/strong>il Decreto Interministeriale 28 Agosto&nbsp; 2018 n. 129, concernente \u201cRegolamento concernente le Istruzioni generali sulla gestione amministrativo\u2010contabile delle Istituzioni scolastiche&#8221;;<\/p>\n<p><strong>visto<\/strong> il Decreto Legislativo 30 marzo 2001, n. 165, art. 7, recante \u201cNorme generali sull\u2019ordinamento del lavoro alle dipendenze della Amministrazioni Pubbliche\u201d e ss.mm.ii.;<\/p>\n<p><strong>visto<\/strong> il Regolamento (UE) 2016\/679 del Parlamento Europeo e del Consiglio del 27 aprile 2016 \u00abrelativo alla protezione delle persone fisiche con riguardo al trattamento dei dati personali, nonch\u00e9 alla libera circolazione di tali dati e che abroga la direttiva 95\/46\/CE (Regolamento generale sulla protezione dei dati)\u00bb (di seguito RGPD o GDPR), in vigore dal 24 maggio 2016, e applicabile a partire dal 25 maggio 2018, introduce la figura del Responsabile dei dati personali (di seguito RDP o DPO) (artt. 37-39);<\/p>\n<p><strong>visto<\/strong> che il predetto Regolamento prevede l\u2019obbligo per il titolare del trattamento (da identificarsi nel Dirigente Scolastico p.t. dell&#8217;Istituzione scolastica) di designare il RPD \u00abquando il trattamento \u00e8 effettuato da un\u2019autorit\u00e0 pubblica o da un organismo pubblico, eccettuate le autorit\u00e0 giurisdizionali quando esercitano le loro funzioni giurisdizionali\u00bb (art. 37, paragrafo 1, lett. a);<\/p>\n<p><strong>visto<\/strong> che le predette disposizioni prevedono che il RPD \u00abpu\u00f2 essere un dipendente del titolare del trattamento o del responsabile del trattamento oppure assolvere i suoi compiti in base a un contratto di servizi\u00bb (art. 37, paragrafo 6) e deve essere individuato \u00abin funzione delle qualit\u00e0 professionali, in particolare della conoscenza specialistica della normativa e delle prassi in materia di protezione dei dati, e della capacit\u00e0 di assolvere i compiti di cui all\u2019articolo 39\u00bb (art. 37, paragrafo 5);<\/p>\n<p><strong>considerato<\/strong> che \u00abun unico responsabile della protezione dei dati pu\u00f2 essere designato per pi\u00f9 autorit\u00e0 pubbliche o organismi pubblici, tenuto conto della loro struttura organizzativa e dimensione\u00bb (art. 37, paragrafo 3, RGPD);<\/p>\n<p><strong>considerato<\/strong> che le scuole sono tenute alla designazione obbligatoria del RPD nei termini previsti, rientrando nella fattispecie prevista dall\u2019art. 37, par. 1, lett. a) del RGPD;<\/p>\n<p><strong>visto<\/strong> l&#8217;art. 7 del Regolamento in materia di autonomia scolastica, approvato con D.P.R. 8.3.1999, n. 275<\/p>\n<p>l\u2019art. 14, comma 3, del Regolamento in materia di autonomia scolastica, approvato con D.P.R. 8.3.1999, n. 275;<\/p>\n<p><strong>visto<\/strong> l\u2019art. 7 commi 6 e seguenti del D.lgs. 30 marzo 2001 n. 165;<\/p>\n<p><strong>visti <\/strong>gli artt. 2222 e segg. c.c.<\/p>\n<p><strong>vista <\/strong>la propria determinazione prot. n. 3545\/E\/VI.2 del 16.10 2019 avente ad oggetto <em>\u201c<\/em><em>Determina avvio procedura di selezione interna ed esterna <\/em><em>per l\u2019affidamento dell\u2019incarico di \u201cResponsabile della protezione dei dati personali\u201d per gli adempimenti previsti dal Regolamento UE 2016\/679.\u201d<\/em><\/p>\n<p><strong>visto<\/strong> il Regolamento d\u2019Istituo per l\u2019attivt\u00e0 negoziale;<\/p>\n<p><strong>vista <\/strong>la delibera del Consiglio di Istituto n. 11 del 15.10.2019 recante<strong> <em>\u201c<\/em><\/strong><em>Criteri di selezione del Responsabile della protezione dei dati (RPD)\u201d<u>;<\/u><\/em><\/p>\n<p><strong>viste<\/strong> le disponibilit\u00e0 iscritte nel Programma annuale EF 2019;<\/p>\n<p><strong>considerato <\/strong>che si rende necessario reperire un RDP che provveda, in maniera efficace, ad analizzare lo stato di fatto dell\u2019istituto rispetto alle politiche di sicurezza per il trattamento dei dati&nbsp; e a predisporre&nbsp; un piano di azione tale per creare le politiche di sicurezza (informatiche, logiche ed organizzative) volte all\u2019implementazione delle misure adeguate al progresso tecnologico cos\u00ec come previsto dal Regolamento ed a verificare il sistema&nbsp; delle misure di sicurezza attraverso audit periodici;<\/p>\n<p><strong>considerato<\/strong> che il titolare del trattamento &nbsp;dei dati \u00e8 tenuto a individuare obbligatorimanete un soggetto che svolga la funzione di RPD e che per esperienza, capacit\u00e0 ed affidabilit\u00e0 lo stesso fornisca idonea garanzia del pieno rispetto delle vigenti disposizioni in materia di trattamento, ivi compreso il profilo relativo alla sicurezza (art. 35 comma 1, punto a) del RPGD;<\/p>\n<p><strong>considerato <\/strong>che si ritiene necessario esperire preliminarmente una indagine interna&nbsp; all\u2019Istituto per verificare la disponibilit\u00e0 di personale idoneo ad assumere il suddetto incarico e solo in caso di assenza di risorse interne si proceder\u00e0 a valutare candidature del personale esterno.<\/p>\n<p><strong>EMANA<\/strong><\/p>\n<p>il seguente Avviso per l\u2019individuazione di una unit\u00e0 cui affidare l\u2019incarico di <em>\u201cResponsabile della protezione dei dati \u201d (RPD o DPO)<\/em><\/p>\n<p><strong>Art. 1 \u2013 Premesse ed allegati<\/strong><\/p>\n<p>Le premesse e gli Allegati A e B costituiscono parte integrante e sostanziale del presente Avviso.<\/p>\n<p><strong>Art. 2 &#8211; Attivit\u00e0 oggetto dell&#8217;incarico<\/strong><\/p>\n<p>Il soggetto selezionato, nel rispetto di quanto previsto dall\u2019art. 39, par. 1, del RGPD \u00e8 incaricato di svolgere, in piena autonomia e indipendenza, i seguenti compiti e funzioni:<\/p>\n<ul>\n<li>Informare e fornire consulenza al titolare del trattamento o al responsabile del trattamento nonch\u00e9 ai dipendenti che eseguono il trattamento in merito agli obblighi derivanti dal RGPD, nonch\u00e9 da altre disposizioni nazionali o dell\u2019Unione relative alla protezione dei dati;<\/li>\n<li>Sorvegliare l\u2019osservanza del RGPD, di altre disposizioni nazionali o dell\u2019Unione relative alla protezione dei dati nonch\u00e9 delle politiche del titolare del trattamento o del responsabile del trattamento in materia di protezione dei dati personali, compresi l\u2019attribuzione delle responsabilit\u00e0, la sensibilizzazione e la formazione del personale che partecipa ai trattamenti e alle connesse attivit\u00e0 di controllo;<\/li>\n<li>Fornire, se richiesto, un parere in merito alla valutazione d\u2019impatto sulla protezione dei dati e sorvegliarne lo svolgimento ai sensi dell\u2019art. 35 del RGPD;<\/li>\n<li>Cooperare con il Garante per la protezione dei dati personali;<\/li>\n<li>Fungere da punto di contatto con il Garante per la protezione dei dati personali per questioni connesse al trattamento, tra cui la consultazione preventiva di cui all\u2019art. 36, ed effettuare, se del caso, consultazioni relativamente a qualunque altra questione;<\/li>\n<li>Svolgere ulteriori compiti, purch\u00e9 non comportino situazioni di incompatibilit\u00e0, quali, in senso esemplificativo e non esaustivo: tenere il registro delle attivit\u00e0 di trattamento sotto la responsabilit\u00e0 del titolare ed attenendosi alle istruzioni impartite; assicurare il corretto livello di interlocuzione con il RPD dei gestori di dati esterni (a mero titolo di esempio: registro elettronico, segreteria digitale, &#8230;);<\/li>\n<li>Dare supporto al titolare alla predisposizione delle misure adeguate di sicurezza dei dati (informatiche, logiche ed organizzative);<\/li>\n<li>Dare supporto al Titolare del trattamento per la pianificazione delle misure adeguate di sicurezza informatica previste dalla circolare AGID n. 2\/2017 del 18\/04\/2017;<\/li>\n<li>Garantire, anche attraverso opportune verifiche periodiche, l\u2019applicazione costante delle misure di sicurezza per il trattamento dei dati personali effettuato con strumenti elettronici;<\/li>\n<li>Sorvegliare l\u2019osservanza del regolamento, valutando i rischi di ogni trattamento alla luce della natura, dell\u2019ambito di applicazione, del contesto e delle finalit\u00e0;<\/li>\n<li>Collaborare con il titolare\/responsabile, laddove necessario, nel condurre una valutazione di impatto sulla protezione dei dati (DPIA);<\/li>\n<\/ul>\n<ul>\n<li>Supportare il titolare o il responsabile in ogni attivit\u00e0 connessa al trattamento di dati personali, anche con riguardo alla tenuta di un registro delle attivit\u00e0 di trattamento.<\/li>\n<\/ul>\n<p><strong>Art. 3 &#8211; Requisiti di ammissione<\/strong><\/p>\n<p>Possono presentare la candidatura liberi professionisti\/lavoratori autonomi titolari di partita IVA in possesso dei seguenti requisiti minimi:<\/p>\n<ol>\n<li>essere in possesso della cittadinanza italiana o di uno degli Stati membri dell&#8217;Unione europea;<\/li>\n<li>godere dei diritti civili e politici;<\/li>\n<li>non aver riportato condanne penali definitive che impediscano, ai sensi delle vigenti disposizioni, la costituzione del rapporto di impiego presso la Pubblica Amministrazione;<\/li>\n<li>non trovarsi in nessuna delle situazioni di inconferibilit\u00e0 e\/o incompatibilit\u00e0 previste dal D.lgs. n. 39\/2013;<\/li>\n<li>non essere stato destituito o dispensato dall\u2019impiego presso una pubblica amministrazione e\/o presso soggetti privati tenuti al rispetto di normative pubblicistiche per persistente insufficiente rendimento ovvero licenziato a seguito di procedimento disciplinare o per la produzione di documenti falsi o viziati da invalidit\u00e0 non sanabile;<\/li>\n<li>non trovarsi in situazione di conflitto di interessi anche a livello potenziale intendendosi per tale quello astrattamente configurato dall\u2019art. 7 del d.P.R. n. 62\/2013.<\/li>\n<\/ol>\n<p><strong>Il Responsabile della protezione dei dati dovr\u00e0:<\/strong><\/p>\n<ol>\n<li>Possedere un&#8217;adeguata conoscenza della normativa e delle prassi di gestione dei dati personali, anche in termini di misure tecniche e organizzative o di misure atte a garantire la sicurezza dei dati. Misure adeguate di sicurezza ICT , logica ed organizzativa.<\/li>\n<\/ol>\n<p>(Non sono richieste attestazioni formali o l&#8217;iscrizione ad appositi albi professionali, anche se la partecipazione a master e corsi di studio\/professionali pu\u00f2 rappresentare un utile strumento per valutare il possesso di un livello adeguato di conoscenze).<\/p>\n<ol>\n<li>Adempiere alle sue funzioni in piena indipendenza e in assenza di conflitti di interesse . In linea di principio, ci\u00f2 significa che il RPD non pu\u00f2 essere un soggetto che decide sulle finalit\u00e0 o sugli strumenti del trattamento di dati personali;<\/li>\n<li>Operare alle dipendenze del titolare o del responsabile oppure sulla base di un contratto di servizio (RPD\/DPO esterno).<\/li>\n<\/ol>\n<p><strong>Requisiti di accesso per la figura di Responsabile della protezione dei dati obbligatorie<\/strong><\/p>\n<ul>\n<li>Comprovata e documentata esperienze in ambito della sicurezza informatica (Documento programmatico sulla sicurezza dei dati)presso Enti pubblici;<\/li>\n<li>Pregresse esperienze in ambito della sicurezza informatica (Documento programmatico sulla sicurezza dei dati e\/o piani di disaster recovery e redazione delle misure minime previste dalla circolare AGID n.2\/2017) presso Istituzioni Scolastiche;<\/li>\n<li>Assicurazione rischi professionali con specifica indicazione della copertura dell\u2019attivit\u00e0 di RPD.<\/li>\n<\/ul>\n<p><strong>Art. 4 &#8211; Candidatura<\/strong><\/p>\n<p>I soggetti interessati a proporre la propria candidatura dovranno far pervenire domanda come da Allegato A, corredata da curriculum vitae in formato europeo e scheda di autovalutazione (Allegato B) nonch\u00e9 una dichiarazione di autocertificazione che attesti la veridicit\u00e0 delle informazioni contenute nel CV e ogni altra utile documentazione al Dirigente Scolastico dell\u2019Istituto Comprensivo Eboli \u201cG. Gonzaga\u201d Inoltre, essa dovr\u00e0 contenere l\u2019autorizzazione al trattamento dei dati personali ai sensi del D.lgs. 196\/2003 e del Regolamento UE\/2016\/679.<\/p>\n<p>La domanda dovr\u00e0 essere spedita con raccomandata r.r. (<strong>non far\u00e0 fede il timbro postale<\/strong>) o in alternativa consegnata a mano o inviata tramite posta elettronica certificata all\u2019indirizzo PEC: &nbsp;<a href=\"mailto:saic8bg00b@pec.istruzione.it\">saic8bg00b@pec.istruzione.it<\/a>, in plico chiuso, presso gli Uffici di Segreteria del nostro Istituto, <strong>entro le ore 12.00 del 31.10.2019 <\/strong>e recare sul plico o come oggetto della PEC la seguente dicitura: <strong><em>\u201cAvviso di selezione per l\u2019affidamento dell\u2019incarico di Responsabile della protezione dei dati\u201d<\/em><\/strong><\/p>\n<p><strong>Art. 5 &#8211; Criteri di valutazione<\/strong><\/p>\n<p>L&#8217;esame delle candidature sar\u00e0 demandato ad una apposita commissione, composta da un numero dispari di membri, nominata e presieduta dal Dirigente Scolastico. I curriculum pervenuti saranno comparati secondo la tabella di valutazione sotto riportata.<\/p>\n<p>La Commissione rediger\u00e0 un verbale con l\u2019elenco degli ammessi, sulla base della comparazione dei curricula professionali e riservandosi di sottoporre i candidati a colloquio individuale, stante la specificit\u00e0 della funzione richiesta.<\/p>\n<p><strong>Art. 6 &#8211; Attribuzione dell\u2019incarico<\/strong><\/p>\n<p>L\u2019esperto prescelto si render\u00e0 disponibile per un incontro preliminare presso l&#8217;Istituto con il Dirigente Scolastico. L\u2019incarico sar\u00e0 attribuito anche in presenza di una sola candidatura che abbia le competenze ed i titoli richiesti documentati.<\/p>\n<p>Al termine della selezione la commissione ratificher\u00e0 i nominativi con la graduatoria di merito mediante affissione all\u2019Albo online nel sito dell\u2019Istituzione Scolastica.<\/p>\n<p>A parit\u00e0 di punteggio verr\u00e0 selezionato il candidato pi\u00f9 giovane.<\/p>\n<p>In caso di rinuncia alla nomina di esperto, da comunicare immediatamente alla scuola per iscritto, si proceder\u00e0 al regolare scorrimento della graduatoria. L\u2019attribuzione avverr\u00e0 tramite contratto <em>ad personam <\/em>secondo la normativa vigente. Gli aspiranti dipendenti di altre amministrazioni o da Istituzioni scolastiche, dovranno essere autorizzati dal proprio Dirigente e la stipula del contratto sar\u00e0 subordinata al rilascio di detta autorizzazione (art. 53 del D.lgs. 165\/2001).<\/p>\n<p>L\u2019incarico avr\u00e0 la durata di anni uno (1) e comporter\u00e0 lo svolgimento in via esclusiva dei compiti sopra elencati.<\/p>\n<p><strong>Si precisa che:<\/strong><\/p>\n<ul>\n<li>la documentazione, relativa ai titoli aggiuntivi dichiarati, dovr\u00e0 essere esibita solo a richiesta della Scuola;<\/li>\n<li>non saranno prese in considerazione: domande incomplete, compilate su modello diverso da quello allegato, prive del <em>curriculum vitae <\/em>o pervenute oltre la data di scadenza fissata;<\/li>\n<li>la selezione delle istanze sar\u00e0 effettuata da apposita commissione, sulla base della tabella di valutazione dei titoli riportata nel modello di partecipazione allegato;<\/li>\n<li>la graduatoria di merito, con i punteggi attribuiti, sar\u00e0 pubblicata all\u2019albo della Scuola entro il <strong>06\/11\/2019<\/strong>; avverso la graduatoria sar\u00e0 possibile presentare motivato reclamo entro il termine di 5 giorni dalla data di pubblicazione;<\/li>\n<li>a parit\u00e0 di punteggio sar\u00e0 data precedenza al pi\u00f9 giovane d\u2019et\u00e0;<\/li>\n<li>le attivit\u00e0 si svolgeranno presso la sede dell\u2019Istituto.<\/li>\n<\/ul>\n<p>Costituiscono motivo di risoluzione anticipata del rapporto di lavoro, previa motivata esplicitazione formale:<\/p>\n<ul>\n<li>La non veridicit\u00e0 delle dichiarazioni rese nella fase di partecipazione al bando;<\/li>\n<li>La violazione degli obblighi contrattuali;<\/li>\n<li>La frode o la grave negligenza nell\u2019esecuzione degli obblighi e delle conduzioni contrattuali.<\/li>\n<\/ul>\n<p><strong>Art. 7 &#8211; Compenso<\/strong><\/p>\n<p>Per l\u2019incarico di RPD, attribuito sotto forma di contratto di prestazione di servizi, \u00e8 prevista l\u2019attribuzione di un compenso annuale pari ad \u20ac. 1.300,00&nbsp; (milletrecento\/00) oltre&nbsp; IVA del 22%, se dovuta in base al regime fiscale del soggetto individuato.<\/p>\n<p>Il compenso verr\u00e0 corrisposto in un\u2019unica soluzione al termine dell&#8217;attivit\u00e0, entro 30 gg. dalla presentazione di specifica relazione finale su quanto svolto.<\/p>\n<p>Per la prestazione di servizi da parte di esperti esterni verr\u00e0 richiesta l\u2019emissione di &nbsp;fattura, esclusivamente in formato elettronico.<\/p>\n<p>L\u2019esperto individuato sar\u00e0 soggetto al regime fiscale e previdenziale previsto dalla normativa vigente; i compensi non daranno luogo a trattamento previdenziale e\/o assistenziale n\u00e9 a trattamento di fine rapporto.<\/p>\n<p>L\u2019esperto dovr\u00e0 inoltre provvedere in proprio alle eventuali coperture assicurative per gli infortuni e responsabilit\u00e0 civile.<\/p>\n<p><strong>Art. 8 &#8211; Disposizioni finali<\/strong><\/p>\n<p>Ai sensi del Regolamento UE 2016\/679 e del D.lgs. 196 del 30 giugno 2003 e successive modificazioni, l\u2019Istituto s\u2019impegna al trattamento dei dati personali dichiarati solo per i fini istituzionali e necessari per la gestione giuridica della selezione dell&#8217;esperto ai sensi del presente bando.<\/p>\n<p>Per quanto non espressamente previsto nel presente Avviso si rinvia alla vigente normativa nazionale e comunitaria in materia.<\/p>\n<p>Il presente avviso viene pubblicato all\u2019Albo online.<\/p>\n<p><em><strong>Il Dirigente Scolastico<\/strong><\/em><\/p>\n<p><em><strong>f.to Roberta Talamo<\/strong><\/em><\/p>\n","protected":false},"excerpt":{"rendered":"<p>Selezione per l\u2019affidamento dell\u2019incarico di \u201cResponsabile della protezione dei dati personali\u201d (RPD o DPO) per gli adempimenti previsti dal Regolamento UE 2016\/679<\/p>\n","protected":false},"author":1,"featured_media":0,"comment_status":"closed","ping_status":"closed","sticky":false,"template":"","format":"standard","meta":{"footnotes":""},"categories":[633],"tags":[491],"class_list":["post-12612","post","type-post","status-publish","format-standard","hentry","category-avvisi","tag-selezione-per-laffidamento-dellincarico-di-responsabile-della-protezione-dei-dati-personali-rpd-o-dpo-per-gli-adempimenti-previsti-dal-regolamento-ue-2016-679"],"_links":{"self":[{"href":"https:\/\/www.geneinformatico.it\/gonzaga\/wp-json\/wp\/v2\/posts\/12612","targetHints":{"allow":["GET"]}}],"collection":[{"href":"https:\/\/www.geneinformatico.it\/gonzaga\/wp-json\/wp\/v2\/posts"}],"about":[{"href":"https:\/\/www.geneinformatico.it\/gonzaga\/wp-json\/wp\/v2\/types\/post"}],"author":[{"embeddable":true,"href":"https:\/\/www.geneinformatico.it\/gonzaga\/wp-json\/wp\/v2\/users\/1"}],"replies":[{"embeddable":true,"href":"https:\/\/www.geneinformatico.it\/gonzaga\/wp-json\/wp\/v2\/comments?post=12612"}],"version-history":[{"count":0,"href":"https:\/\/www.geneinformatico.it\/gonzaga\/wp-json\/wp\/v2\/posts\/12612\/revisions"}],"wp:attachment":[{"href":"https:\/\/www.geneinformatico.it\/gonzaga\/wp-json\/wp\/v2\/media?parent=12612"}],"wp:term":[{"taxonomy":"category","embeddable":true,"href":"https:\/\/www.geneinformatico.it\/gonzaga\/wp-json\/wp\/v2\/categories?post=12612"},{"taxonomy":"post_tag","embeddable":true,"href":"https:\/\/www.geneinformatico.it\/gonzaga\/wp-json\/wp\/v2\/tags?post=12612"}],"curies":[{"name":"wp","href":"https:\/\/api.w.org\/{rel}","templated":true}]}}