{"id":12584,"date":"2019-10-07T16:19:11","date_gmt":"2019-10-07T16:19:11","guid":{"rendered":"http:\/\/icgonzagaeboli.edu.it\/?p=12584"},"modified":"2019-10-07T16:19:11","modified_gmt":"2019-10-07T16:19:11","slug":"avviso-c-18","status":"publish","type":"post","link":"https:\/\/www.geneinformatico.it\/gonzaga\/avviso-c-18\/","title":{"rendered":"Avviso #C-18"},"content":{"rendered":"<table>\n<tbody>\n<tr>\n<td width=\"652\"><strong>Eboli,&nbsp; 7 ottobre 2019&nbsp; &nbsp; &nbsp; &nbsp; &nbsp; &nbsp; &nbsp; &nbsp; &nbsp; &nbsp; &nbsp; &nbsp; &nbsp; &nbsp; &nbsp; &nbsp; &nbsp; &nbsp; &nbsp; &nbsp; &nbsp; &nbsp; &nbsp; &nbsp; &nbsp; &nbsp; &nbsp; &nbsp; &nbsp; &nbsp; &nbsp; &nbsp; &nbsp; &nbsp; &nbsp; &nbsp; &nbsp;prot.n. 3366\/U\/II.10<\/strong><\/td>\n<\/tr>\n<\/tbody>\n<\/table>\n<p>Alla RSU di Istituto:<\/p>\n<p>Prof. Giancarlo De Nigris<\/p>\n<p>Prof.ssa Maria Marino<\/p>\n<p>Sig.ra Antonella Rago<\/p>\n<p>Al Terminale associativo \u2013 Federazione UIL Scuola RUA<\/p>\n<p>Prof.ssa Clara Comite<\/p>\n<p>Alle Organizzazioni Sindacali territoriali:<\/p>\n<p>FLC CGIL &#8211; <a href=\"mailto:salerno@flcgil.it\">salerno@flcgil.it<\/a><\/p>\n<p>CISL Scuola &#8211; &nbsp;<a href=\"mailto:cislscuola_salerno@cisl.it\">cislscuola_salerno@cisl.it<\/a><\/p>\n<p>Federazione UIL Scuola RUA &#8211; <a href=\"mailto:salerno@uilscuola.it\">salerno@uilscuola.it<\/a><\/p>\n<p>Federazione GILDA UNAMS &nbsp;&#8211; <a href=\"mailto:info@gildasalerno.it\">info@gildasalerno.it<\/a><\/p>\n<p>SNALS CONFSAL \u2013 <a href=\"mailto:campania.sa@snals.it\">campania.sa@snals.it<\/a><\/p>\n<p>Al Direttore SGA<\/p>\n<p>All\u2019Albo<\/p>\n<p>Al Sito web<\/p>\n<h2><strong>Oggetto: convocazione RSU e OO.SS. territoriali.<\/strong><\/h2>\n<p>Con la presente si comunica che l\u2019incontro previsto per marted\u00ec 8 ottobre 2019, alle ore 09.00, \u00e8 rinviato, per sopraggiunti impegni della scrivente, a&nbsp; <strong>marted\u00ec 15 ottobre 2019<\/strong>, stesso luogo, orario e ordine del giorno.<\/p>\n<p>Il Direttore SGA \u00e8 invitato a partecipare in qualit\u00e0 di consulente per la parte pubblica.<\/p>\n<p><em><strong>Il Dirigente Scolastico<\/strong><\/em><\/p>\n<p><em><strong>f.to Roberta Talamo<\/strong><\/em><\/p>\n","protected":false},"excerpt":{"rendered":"<p>Convocazione RSU e OO.SS. territoriali<\/p>\n","protected":false},"author":1,"featured_media":0,"comment_status":"closed","ping_status":"closed","sticky":false,"template":"","format":"standard","meta":{"footnotes":""},"categories":[633],"tags":[274],"class_list":["post-12584","post","type-post","status-publish","format-standard","hentry","category-avvisi","tag-convocazione-rsu-e-oo-ss-territoriali"],"_links":{"self":[{"href":"https:\/\/www.geneinformatico.it\/gonzaga\/wp-json\/wp\/v2\/posts\/12584","targetHints":{"allow":["GET"]}}],"collection":[{"href":"https:\/\/www.geneinformatico.it\/gonzaga\/wp-json\/wp\/v2\/posts"}],"about":[{"href":"https:\/\/www.geneinformatico.it\/gonzaga\/wp-json\/wp\/v2\/types\/post"}],"author":[{"embeddable":true,"href":"https:\/\/www.geneinformatico.it\/gonzaga\/wp-json\/wp\/v2\/users\/1"}],"replies":[{"embeddable":true,"href":"https:\/\/www.geneinformatico.it\/gonzaga\/wp-json\/wp\/v2\/comments?post=12584"}],"version-history":[{"count":0,"href":"https:\/\/www.geneinformatico.it\/gonzaga\/wp-json\/wp\/v2\/posts\/12584\/revisions"}],"wp:attachment":[{"href":"https:\/\/www.geneinformatico.it\/gonzaga\/wp-json\/wp\/v2\/media?parent=12584"}],"wp:term":[{"taxonomy":"category","embeddable":true,"href":"https:\/\/www.geneinformatico.it\/gonzaga\/wp-json\/wp\/v2\/categories?post=12584"},{"taxonomy":"post_tag","embeddable":true,"href":"https:\/\/www.geneinformatico.it\/gonzaga\/wp-json\/wp\/v2\/tags?post=12584"}],"curies":[{"name":"wp","href":"https:\/\/api.w.org\/{rel}","templated":true}]}}