{"id":12577,"date":"2019-10-03T15:11:01","date_gmt":"2019-10-03T15:11:01","guid":{"rendered":"http:\/\/icgonzagaeboli.edu.it\/?p=12577"},"modified":"2019-10-03T15:11:01","modified_gmt":"2019-10-03T15:11:01","slug":"avviso-c-17","status":"publish","type":"post","link":"https:\/\/www.geneinformatico.it\/gonzaga\/avviso-c-17\/","title":{"rendered":"Avviso #C-17"},"content":{"rendered":"<table width=\"97%\">\n<tbody>\n<tr>\n<td width=\"100%\"><strong>Eboli, 3 ottobre 2019&nbsp;&nbsp;&nbsp;&nbsp;&nbsp;&nbsp;&nbsp;&nbsp;&nbsp;&nbsp;&nbsp;&nbsp;&nbsp;&nbsp;&nbsp;&nbsp;&nbsp;&nbsp;&nbsp;&nbsp;&nbsp; &nbsp;&nbsp;&nbsp;&nbsp;&nbsp;&nbsp;&nbsp;&nbsp;&nbsp;&nbsp;&nbsp;&nbsp;&nbsp;&nbsp;&nbsp;&nbsp;&nbsp;&nbsp;&nbsp;&nbsp;&nbsp;&nbsp;&nbsp;&nbsp;&nbsp;&nbsp;&nbsp;&nbsp;&nbsp;&nbsp;&nbsp;&nbsp;&nbsp;&nbsp;&nbsp;&nbsp;&nbsp;&nbsp;&nbsp;&nbsp;&nbsp;&nbsp;&nbsp;&nbsp;&nbsp;&nbsp;&nbsp;&nbsp;&nbsp;&nbsp;&nbsp;&nbsp;&nbsp;&nbsp;&nbsp;PROT.N. 3314\/II.2<\/strong><\/td>\n<\/tr>\n<\/tbody>\n<\/table>\n<p>Al personale Docente<\/p>\n<p>Ai Genitori degli alunni<\/p>\n<p>Al Direttore SGA<\/p>\n<p>All\u2019Albo<\/p>\n<p>Al Sito web<\/p>\n<h2><strong>Oggetto: Decreto indizione elezioni Organi Collegiali di durata annuale \u2013 Convocazioni assemblee dei genitori &#8211; Indicazioni operative.<\/strong><\/h2>\n<p><strong>Il Dirigente Scolastico<\/strong><\/p>\n<p><strong>visto <\/strong>il D.lgs. 297\/1994;<\/p>\n<p><strong>vista<\/strong> l&#8217;O.M. 215\/1991 e successive modifiche ed integrazioni di cui alle OO.MM. 267\/1995, 293\/1996 e 277\/1998;<\/p>\n<p><strong>vista<\/strong> la circolare MIUR prot. n. 20399 dell\u201901.10.2019 con la quale si ricorda che entro il 31.10.2019 dovranno concludersi le operazioni di voto per gli organi di durata annuale, con la procedura semplificata di cui agli artt. 21 e 22 della ordinanza citata<em>;<\/em><\/p>\n<p><strong>vista <\/strong>la deliberazione del Consiglio di Istituto n. 4 del 03.09.2019 con la quale \u00e8 stata fissata per il giorno 16 ottobre 2019 la data per le elezioni degli organi collegiali di durata annuale;<\/p>\n<p><strong>ritenuto <\/strong>pertanto di dover indire le elezioni per il rinnovo della rappresentanza dei genitori nei Consigli di classe, interclasse e intersezione per l&#8217;anno scolastico 2019-2020;<\/p>\n<p><strong>DECRETA<\/strong><\/p>\n<p>di indire le<strong> elezioni per il rinnovo della rappresentanza dei genitori nei Consigli di classe, interclasse e intersezione,<\/strong> nella&nbsp; giornata di <strong>mercoled\u00ec 16 ottobre 2019, <\/strong>rispettivamente nella <strong>scuola secondaria<\/strong> di <strong>I<\/strong><strong> grado<\/strong>, <strong>primaria<\/strong> e dell&#8217;<strong>infanzia<\/strong>.<\/p>\n<p><strong>CONVOCA<\/strong><\/p>\n<p><strong>l\u2019assemblea dei genitori per ciascuna classe\/sezione<\/strong>, presieduta dal docente coordinatore &#8211; delegato ai sensi dell\u2019art.5, comma 8, D.lgs. 297\/1994 &#8211; il giorno <strong>16 ottobre 2019<\/strong>, dalle ore <strong>16.30<\/strong> alle ore <strong>17.00,<\/strong> nelle rispettive sedi e aule, con il seguente ordine del giorno:<\/p>\n<ol>\n<li>modalit\u00e0 di voto e competenze dei Consigli di Classe, Interclasse e Intersezione quali espressione della gestione democratica della scuola;<\/li>\n<li>programmazione didattica \u2013 educativa, con discussione anche su eventuali problematiche emerse nella gestione didattica;<\/li>\n<li>eventuali candidature a rappresentare i genitori in Consiglio;<\/li>\n<li>verifica della disponibilit\u00e0 dei genitori a presiedere alle operazioni di voto.<\/li>\n<\/ol>\n<p><strong>Si ricorda che alle predette assemblee debbono partecipare, possibilmente, tutti i docenti della classe\/sezione. In caso di assenza del docente coordinatore viene delegato a presiedere,<\/strong> ai sensi dell\u2019art.5, comma 8, D.lgs. 297\/1994,<strong> il docente pi\u00f9 anziano per servizio.<\/strong><\/p>\n<table width=\"634\">\n<tbody>\n<tr>\n<td width=\"634\"><strong>Modalit\u00e0 di votazione<\/strong><\/td>\n<\/tr>\n<\/tbody>\n<\/table>\n<p>Entro le ore <strong>17.00<\/strong> si <strong>costituiranno<\/strong> i <strong>seggi;<\/strong> dalle ore <strong>17.00<\/strong> alle ore <strong>19.00<\/strong> si svolgeranno le <strong>operazioni di voto;<\/strong> alle ore <strong>19.00<\/strong>, dopo la <strong>chiusura dei seggi<\/strong>, si proceder\u00e0 allo <strong>spoglio<\/strong> delle schede e alla <strong>proclamazione <\/strong>degli eletti.<\/p>\n<p>Ciascun seggio elettorale, che dovr\u00e0 essere costituito nel corso delle assemblee, \u00e8 formato da n.3 genitori: un presidente e due scrutatori, scelti tra i genitori partecipanti.<\/p>\n<p>Cos\u00ec come deliberato dal Consiglio di Istituto, nella seduta del 03.09.2019, si provveder\u00e0, in continuit\u00e0 con la prassi operativa ormai consolidata, a costituire un unico seggio per plesso con le modalit\u00e0 organizzative di seguito riportate:<\/p>\n<table width=\"100%\">\n<tbody>\n<tr>\n<td width=\"11%\"><strong>Seggio<\/strong><\/td>\n<td width=\"26%\"><strong>Plesso<\/strong><\/td>\n<td width=\"62%\"><strong>Votanti<\/strong><\/td>\n<\/tr>\n<tr>\n<td width=\"11%\"><strong>1<\/strong><\/td>\n<td width=\"26%\"><strong>Sede centrale<\/strong><\/p>\n<p>Via Caduti di Bruxelles<\/td>\n<td width=\"62%\">Genitori alunni scuola dell\u2019infanzia <em>\u201cPaterno\u201d<\/em> \u2013 primaria <em>\u201cPaterno\u201d<\/em>&#8211; secondaria di I grado <em>\u201cPietro da Eboli\u201d<\/em><\/td>\n<\/tr>\n<tr>\n<td width=\"11%\"><strong>2<\/strong><\/td>\n<td width=\"26%\"><strong>Sede distaccata<\/strong><\/p>\n<p>Via Gen. Gonzaga<\/td>\n<td width=\"62%\">Genitori alunni scuola primaria <em>\u201cGen. Gonzaga\u201d<\/em><\/td>\n<\/tr>\n<tr>\n<td width=\"11%\"><strong>3<\/strong><\/td>\n<td width=\"26%\"><strong>Sede distaccata<\/strong><\/p>\n<p>Via Salita Ripa<\/td>\n<td width=\"62%\">Genitori alunni scuola primaria <em>\u201cB. Lauria\u201d<\/em><\/td>\n<\/tr>\n<tr>\n<td width=\"11%\"><strong>4<\/strong><\/td>\n<td width=\"26%\"><strong>Sede distaccata<\/strong><\/p>\n<p>Via Salita Ripa<\/td>\n<td width=\"62%\">Genitori alunni scuola dell\u2019infanzia <em>\u201cPendino\u201d<\/em><\/td>\n<\/tr>\n<\/tbody>\n<\/table>\n<p><strong>Hanno diritto di votare ed essere votati entrambi i genitori o chi ne fa legalmente le veci.<\/strong><\/p>\n<p>Per la scuola<strong> secondaria di <\/strong><strong>I<\/strong><strong> grado<\/strong>, si vota esprimendo al massimo <strong>due preferenze<\/strong> mentre per la scuola <strong>primaria<\/strong> e dell&#8217;<strong>infanzia<\/strong> si pu\u00f2 esprimere <strong>una sola preferenza<\/strong> &#8211; indicando il nome e il cognome del genitore che si vuole eleggere.<\/p>\n<p>I genitori che hanno pi\u00f9 figli nella stessa classe voteranno una sola volta.<\/p>\n<p>I genitori che hanno figli in classi diverse voteranno per i rappresentanti di ciascuna classe.<\/p>\n<p>Si pu\u00f2 votare anche senza aver partecipato all&#8217;assemblea.<\/p>\n<p>Verranno eletti n. 1 rappresentante dei genitori per ciascuna classe\/sezione della scuola primaria e dell&#8217;infanzia e n. 4 rappresentanti dei genitori per ciascuna classe della secondaria di I grado.<\/p>\n<p>Per<strong> quanto non espressamente previsto<\/strong>, si<strong> rinvia <\/strong>alle disposizioni normative sopra riportate.<\/p>\n<p>Si confida vivamente nella pi\u00f9 ampia partecipazione di tutti gli interessati.<\/p>\n<p><em><strong>Il Dirigente Scolastico<\/strong><\/em><\/p>\n<p><em><strong>f.to &nbsp;Roberta Talamo<\/strong><\/em><\/p>\n","protected":false},"excerpt":{"rendered":"<p>Decreto indizione elezioni Organi Collegiali di durata annuale \u2013 Convocazioni assemblee dei genitori &#8211; Indicazioni operative<\/p>\n","protected":false},"author":1,"featured_media":0,"comment_status":"closed","ping_status":"closed","sticky":false,"template":"","format":"standard","meta":{"footnotes":""},"categories":[633],"tags":[487],"class_list":["post-12577","post","type-post","status-publish","format-standard","hentry","category-avvisi","tag-decreto-indizione-elezioni-organi-collegiali-di-durata-annuale-convocazioni-assemblee-dei-genitori-indicazioni-operative"],"_links":{"self":[{"href":"https:\/\/www.geneinformatico.it\/gonzaga\/wp-json\/wp\/v2\/posts\/12577","targetHints":{"allow":["GET"]}}],"collection":[{"href":"https:\/\/www.geneinformatico.it\/gonzaga\/wp-json\/wp\/v2\/posts"}],"about":[{"href":"https:\/\/www.geneinformatico.it\/gonzaga\/wp-json\/wp\/v2\/types\/post"}],"author":[{"embeddable":true,"href":"https:\/\/www.geneinformatico.it\/gonzaga\/wp-json\/wp\/v2\/users\/1"}],"replies":[{"embeddable":true,"href":"https:\/\/www.geneinformatico.it\/gonzaga\/wp-json\/wp\/v2\/comments?post=12577"}],"version-history":[{"count":0,"href":"https:\/\/www.geneinformatico.it\/gonzaga\/wp-json\/wp\/v2\/posts\/12577\/revisions"}],"wp:attachment":[{"href":"https:\/\/www.geneinformatico.it\/gonzaga\/wp-json\/wp\/v2\/media?parent=12577"}],"wp:term":[{"taxonomy":"category","embeddable":true,"href":"https:\/\/www.geneinformatico.it\/gonzaga\/wp-json\/wp\/v2\/categories?post=12577"},{"taxonomy":"post_tag","embeddable":true,"href":"https:\/\/www.geneinformatico.it\/gonzaga\/wp-json\/wp\/v2\/tags?post=12577"}],"curies":[{"name":"wp","href":"https:\/\/api.w.org\/{rel}","templated":true}]}}