{"id":11745,"date":"2018-11-20T20:54:40","date_gmt":"2018-11-20T20:54:40","guid":{"rendered":"http:\/\/icgonzagaeboli.edu.it\/?p=11745"},"modified":"2018-11-20T20:54:40","modified_gmt":"2018-11-20T20:54:40","slug":"avviso-b-51","status":"publish","type":"post","link":"https:\/\/www.geneinformatico.it\/gonzaga\/avviso-b-51\/","title":{"rendered":"Avviso #B-51"},"content":{"rendered":"<table width=\"680\">\n<tbody>\n<tr>\n<td width=\"680\"><strong>Eboli,&nbsp; 20 novembre 2018&nbsp; &nbsp; &nbsp; &nbsp; &nbsp; &nbsp; &nbsp; &nbsp; &nbsp; &nbsp; &nbsp; &nbsp; &nbsp; &nbsp; &nbsp; &nbsp; &nbsp; &nbsp; &nbsp; &nbsp; &nbsp; &nbsp; &nbsp; &nbsp; &nbsp; &nbsp; &nbsp; &nbsp; &nbsp; &nbsp; &nbsp; &nbsp; &nbsp;prot.n. 4223\/U\/II.2<\/strong><\/td>\n<\/tr>\n<\/tbody>\n<\/table>\n<p>A tutti i Docenti<\/p>\n<p>Ai Sigg. Genitori rappresentanti<\/p>\n<p>Al Direttore SGA<\/p>\n<p>All\u2019Albo<\/p>\n<p>Al Sito web<\/p>\n<table width=\"100%\">\n<tbody>\n<tr>\n<td width=\"100%\">\n<h2><strong>Oggetto: convocazione Consigli di Intersezione\/Interclasse \/Classe &nbsp;del 27-28-29 novembre 2018.<\/strong><\/h2>\n<h2><strong>Incontro di programmazione scuola primaria \u201cB. Lauria\u201d<\/strong> <strong>marted\u00ec 27 novembre 2018.<\/strong><\/h2>\n<\/td>\n<\/tr>\n<\/tbody>\n<\/table>\n<p>Con riferimento a quanto gi\u00e0 indicato nel Piano Annuale delle Attivit\u00e0 e rettificato nella seduta del Collegio dei Docenti unitario del 31.10.2018, <strong>si comunica<\/strong> che i <strong>Consigli<\/strong> di <strong>Intersezione<\/strong> della Scuola dell\u2019Infanzia<strong>, <\/strong>di<strong> Interclasse<\/strong> di Scuola Primaria e di <strong>Classe<\/strong> della Scuola Secondaria di I grado, aperti alla componente genitori, <strong>sono convocati, presso i locali della sede centrale <\/strong>\u2013 in via Caduti di Bruxelles, 3, secondo le modalit\u00e0 e l\u2019ordine del giorno riportati nella seguente tabella:<\/p>\n<table width=\"100%\">\n<tbody>\n<tr>\n<td width=\"21%\"><strong>Ordine di scuola<\/strong><\/td>\n<td width=\"10%\"><strong>Data<\/strong><\/td>\n<td width=\"16%\"><strong>Classe\/Sezione<\/strong><\/td>\n<td width=\"13%\"><strong>Orario<\/strong><\/td>\n<td width=\"10%\"><strong>Presenza genitori<\/strong><\/td>\n<td width=\"28%\"><strong>ODG<\/strong><\/td>\n<\/tr>\n<tr>\n<td width=\"21%\"><strong>Scuola dell\u2019Infanzia<\/strong> \u201c<em>Paterno<\/em>\u201d\u2013\u201c<em>Pendino<\/em>\u201d<\/td>\n<td width=\"10%\"><strong>Marted\u00ec<\/strong><\/p>\n<p><strong>27<\/strong><strong>.11.18<\/strong><\/td>\n<td width=\"16%\"><strong>Tutte le sezioni<\/strong><\/p>\n<p><strong>del plesso<\/strong><\/td>\n<td width=\"13%\">16.15-17.15<\/td>\n<td rowspan=\"2\" width=\"10%\"><strong>Ultima mezz\u2019ora<\/strong><\/td>\n<td rowspan=\"13\" width=\"28%\"><strong>1.&nbsp;&nbsp;&nbsp;&nbsp; <\/strong><strong>Andamento educativo-didattico della classe\/sezione;<\/strong><\/p>\n<p><strong>2.&nbsp;&nbsp;&nbsp;&nbsp; <\/strong><strong>Individuazione eventuali casi particolari (alunni stranieri, diversamente abili,&nbsp; segnalazioni delle famiglie, DSA e altri BES);<\/strong><\/p>\n<p><strong>3.&nbsp;&nbsp;&nbsp;&nbsp; <\/strong><strong>Progetti relativi alla classe\/sezione, uscite didattiche, visite guidate, viaggi di istruzione e\/o altre attivit\u00e0;<\/strong><\/p>\n<p><strong>4.&nbsp;&nbsp;&nbsp;&nbsp; <\/strong><strong>Eventuali comunicazioni del Dirigente Scolastico o del Delegato a presiedere;<\/strong><\/p>\n<p><strong>5.&nbsp;&nbsp;&nbsp;&nbsp; <\/strong><strong>Insediamento componente Genitori;<\/strong><\/p>\n<p><strong>6.&nbsp;&nbsp;&nbsp;&nbsp; <\/strong><strong>Trattazione dei punti 1, 3, 4.<\/strong><\/td>\n<\/tr>\n<tr>\n<td width=\"21%\"><strong><em>Scuola Primaria<\/em><\/strong><\/p>\n<p>\u201cB. Lauria\u201d<\/p>\n<p>\u201cG. Gonzaga\u201d<\/p>\n<p>\u201cPaterno\u201d<\/td>\n<td width=\"10%\"><strong>Marted\u00ec<\/strong><\/p>\n<p><strong>27<\/strong><strong>.11.18<\/strong><\/td>\n<td width=\"16%\"><strong>Tutte le classi<\/strong><\/p>\n<p><strong>del plesso<\/strong><\/td>\n<td width=\"13%\">17.40-18.40<\/td>\n<\/tr>\n<tr>\n<td rowspan=\"11\" width=\"21%\"><strong>Scuola Secondaria <\/strong><\/p>\n<p><strong>di <\/strong><strong>I<\/strong><strong> grado<\/strong><\/p>\n<p><em>\u201cPietro da Eboli\u201d<\/em><\/td>\n<td rowspan=\"6\" width=\"10%\"><strong>Mercoled\u00ec<\/strong><\/p>\n<p><strong>28<\/strong>.11.18<\/td>\n<td width=\"16%\"><strong>1^A<\/strong><\/td>\n<td width=\"13%\">15.00-15.45<\/td>\n<td rowspan=\"11\" width=\"10%\"><strong>Ultimo <\/strong><\/p>\n<p><strong>quarto d\u2019ora<\/strong><\/td>\n<\/tr>\n<tr>\n<td width=\"16%\"><strong>2^A<\/strong><\/td>\n<td width=\"13%\">15.45-16.30<\/td>\n<\/tr>\n<tr>\n<td width=\"16%\"><strong>3^A<\/strong><\/td>\n<td width=\"13%\">16.30-17.15<\/td>\n<\/tr>\n<tr>\n<td width=\"16%\"><strong>1^B<\/strong><\/td>\n<td width=\"13%\">17.15-18.00<\/td>\n<\/tr>\n<tr>\n<td width=\"16%\"><strong>2^B<\/strong><\/td>\n<td width=\"13%\">18.00-18.45<\/td>\n<\/tr>\n<tr>\n<td width=\"16%\"><strong>3^B<\/strong><\/td>\n<td width=\"13%\">18.45-19.30<\/td>\n<\/tr>\n<tr>\n<td rowspan=\"5\" width=\"10%\"><strong>Gioved\u00ec<\/strong><\/p>\n<p><strong>29<\/strong>.11.18<\/td>\n<td width=\"16%\"><strong>1^C<\/strong><\/td>\n<td width=\"13%\">15.00-15.45<\/td>\n<\/tr>\n<tr>\n<td width=\"16%\"><strong>2^C<\/strong><\/td>\n<td width=\"13%\">15.45-16.30<\/td>\n<\/tr>\n<tr>\n<td width=\"16%\"><strong>3^C<\/strong><\/td>\n<td width=\"13%\">16.30-17.15<\/td>\n<\/tr>\n<tr>\n<td width=\"16%\"><strong>1^D<\/strong><\/td>\n<td width=\"13%\">17.15-18.00<\/td>\n<\/tr>\n<tr>\n<td width=\"16%\"><strong>2^D<\/strong><\/td>\n<td width=\"13%\">18.00-18.45<\/td>\n<\/tr>\n<tr>\n<td colspan=\"6\" width=\"100%\">In eventuale assenza del Dirigente Scolastico i Consigli saranno presieduti dal docente Coordinatore di classe \u2013 scuola secondaria di I grado \u2013 e di plesso \u2013 Consigli Interclasse\/Intersezione &#8211; che, con la presente, viene delegato ai sensi dell\u2019art. 5, comma 8, D.lgs. 297\/94.<\/td>\n<\/tr>\n<\/tbody>\n<\/table>\n<p>Con l\u2019occasione si comunica, inoltre, che i docenti della scuola primaria \u201cB. Lauria\u201d, &nbsp;per esigenze organizzative, effettueranno l\u2019incontro di programmazione, presso la sede centrale in via Caduti di Bruxelles, marted\u00ec 27 novembre 2018, dalle ore 15.30 alle ore 17.30, anzich\u00e9 mercoled\u00ec 28 novembre 2018.<\/p>\n<p><em><strong>Il Dirigente Scolastico<\/strong><\/em><\/p>\n<p><em><strong>f.to Roberta Talamo<\/strong><\/em><\/p>\n","protected":false},"excerpt":{"rendered":"<p>Convocazione Consigli di Intersezione\/Interclasse \/Classe \u00a0del 27-28-29 novembre 2018.<br \/>\nIncontro di programmazione scuola primaria \u201cB. Lauria\u201d marted\u00ec 27 novembre 2018<\/p>\n","protected":false},"author":1,"featured_media":0,"comment_status":"closed","ping_status":"closed","sticky":false,"template":"","format":"standard","meta":{"footnotes":""},"categories":[633],"tags":[385],"class_list":["post-11745","post","type-post","status-publish","format-standard","hentry","category-avvisi","tag-convocazione-consigli-di-intersezione-interclasse-classe-del-27-28-29-novembre-2018-incontro-di-programmazione-scuola-primaria-b-lauria-martedi-27-novembre-2018"],"_links":{"self":[{"href":"https:\/\/www.geneinformatico.it\/gonzaga\/wp-json\/wp\/v2\/posts\/11745","targetHints":{"allow":["GET"]}}],"collection":[{"href":"https:\/\/www.geneinformatico.it\/gonzaga\/wp-json\/wp\/v2\/posts"}],"about":[{"href":"https:\/\/www.geneinformatico.it\/gonzaga\/wp-json\/wp\/v2\/types\/post"}],"author":[{"embeddable":true,"href":"https:\/\/www.geneinformatico.it\/gonzaga\/wp-json\/wp\/v2\/users\/1"}],"replies":[{"embeddable":true,"href":"https:\/\/www.geneinformatico.it\/gonzaga\/wp-json\/wp\/v2\/comments?post=11745"}],"version-history":[{"count":0,"href":"https:\/\/www.geneinformatico.it\/gonzaga\/wp-json\/wp\/v2\/posts\/11745\/revisions"}],"wp:attachment":[{"href":"https:\/\/www.geneinformatico.it\/gonzaga\/wp-json\/wp\/v2\/media?parent=11745"}],"wp:term":[{"taxonomy":"category","embeddable":true,"href":"https:\/\/www.geneinformatico.it\/gonzaga\/wp-json\/wp\/v2\/categories?post=11745"},{"taxonomy":"post_tag","embeddable":true,"href":"https:\/\/www.geneinformatico.it\/gonzaga\/wp-json\/wp\/v2\/tags?post=11745"}],"curies":[{"name":"wp","href":"https:\/\/api.w.org\/{rel}","templated":true}]}}