{"id":11654,"date":"2018-11-06T15:15:10","date_gmt":"2018-11-06T15:15:10","guid":{"rendered":"http:\/\/icgonzagaeboli.edu.it\/?p=11654"},"modified":"2018-11-06T15:15:10","modified_gmt":"2018-11-06T15:15:10","slug":"avviso-b-39","status":"publish","type":"post","link":"https:\/\/www.geneinformatico.it\/gonzaga\/avviso-b-39\/","title":{"rendered":"Avviso #B-39"},"content":{"rendered":"<p>Ai signori genitori<br \/>\nAl personale docente e non docente<\/p>\n<p>Albo<\/p>\n<p>Prot. 3930\/VI.5 del 06\/11\/2018<\/p>\n<h2>OGGETTO: COPERTURA ASSICURATIVA 2019<\/h2>\n<p><span style=\"font-size: 12pt;\">Si informa che \u00e8 imminente la scadenza dell&#8217;Assicurazione per Infortuni e Responsabilit\u00e0 Civile ed \u00e8 necessario avviare le procedure per la copertura per l&#8217;anno 2019.<\/span><\/p>\n<h3>ASSICURAZIONE ALUNNI<\/h3>\n<p>Ai fini di una migliore valutazione dell&#8217;opportunit\u00e0 di stipulare l\u2019assicurazione integrativa per gli alunni si forniscono ai genitori le seguenti informazioni.<\/p>\n<h2>Infortuni<\/h2>\n<p>Gli alunni, ad esclusione degli allievi della scuola dell\u2019infanzia, sono equiparati ai lavoratori dipendenti e godono della copertura assicurativa INAIL obbligatoria contro gli infortuni soltanto durante lo svolgimento di alcune e ben precise attivit\u00e0:<br \/>\nesperienze tecnico-scientifiche<br \/>\nesperienze di lavoro<br \/>\nesercitazioni pratiche (es. educazione fisica-attivit\u00e0 motoria) comprese le lezioni di alfabetizzazione informatica e di lingua straniera, svolte con l\u2019ausilio di macchine elettriche.<\/p>\n<p>Solo quando l&#8217;incidente avviene nelle predette condizioni si ha diritto alla copertura assicurativa dell&#8217;INAIL.<\/p>\n<p>L\u2019assicurazione integrativa, \u00e8 operante per gli infortuni subiti dagli assicurati durante l\u2019intera permanenza nella sede della scuola senza limiti di orario, nello svolgimento delle attivit\u00e0 che rientrino nel normale programma di studi e\/o siano state regolarmente autorizzate. La garanzia \u00e8 operante anche durante il tragitto casa-scuola e viceversa<\/p>\n<p><strong>Responsabilit\u00e0 civile alunni<\/strong><br \/>\nL\u2019assicurazione integrativa, per ciascun allievo assicurato e conseguentemente per i genitori, il tutore o chi ne esercita la patria potest\u00e0, entro i limiti fissati, risponde delle somme che l\u2019alunno sia tenuto a corrispondere, quale civilmente responsabile ai sensi di legge, per danni involontariamente cagionati a terzi, a cose ed animali.<\/p>\n<p>L\u2019 assicurazione \u00e8 valida per tutte le attivit\u00e0 scolastiche, parascolastiche, extra scolastiche e inter-scolastiche, purch\u00e9 tali attivit\u00e0 rientrino nel normale programma di studi, o che comunque siano regolarmente deliberate.<\/p>\n<p>E&#8217; sulla base di queste considerazioni che si ritiene importante il versamento dell&#8217;assicurazione per la tutela del minore durante l&#8217;attivit\u00e0 scolastica nel suo insieme.<br \/>\nLa polizza assicurativa, in quanto integrativa, non \u00e8 obbligatoria e va pagata dai genitori degli alunni.<br \/>\nChi \u00e8 interessato, per ogni alunno, dovr\u00e0 versare una quota di <strong>Euro 4,20<\/strong> direttamente sul C\/C bancario della Scuola.<br \/>\nPer quanto attiene al versamento della quota sopra indicata si invitano i genitori a porre particolare attenzione nelle relative operazioni.<\/p>\n<h3>MODALITA&#8217; DI VERSAMENTO<\/h3>\n<h2>&nbsp;<span style=\"font-size: 14pt;\">PER SINGOLO ALUNNO<\/span><\/h2>\n<p>Si raccomanda la massima precisione e completezza nella compilazione della causale, soprattutto nell&#8217;indicazione del nominativo dell&#8217;alunno assicurato e non di chi effettua il versamento<\/p>\n<p><strong>CAUSALE VERSAMENTO<\/strong>:<\/p>\n<p>ASSICURAZIONE 2019-Alunno\/a (COGNOME E NOME) classe__ Sez.___ Plesso ___<\/p>\n<p><strong>PER CLASSE<\/strong><br \/>\nLe quote, oltre che singolarmente, potranno anche essere effettuate con versamento cumulativo (per classe), ma dovr\u00e0 essere compilato elenco con i nominativi degli alunni versanti.<\/p>\n<p>Al fine di semplificare tale adempimento, i genitori degli alunni potranno consegnare la quota al rappresentante di classe (o anche ad altro genitore che si render\u00e0 disponibile) che provveder\u00e0 ad effettuare un versamento cumulativo e a consegnare in segreteria l\u2019elenco dei versanti.<\/p>\n<p><strong>&nbsp;CAUSALE VERSAMENTO<\/strong>:<\/p>\n<p>ASSICURAZIONE 2019-classe__ Sez.___ Plesso ___<\/p>\n<h2>Assicurazione personale docente e non docente<\/h2>\n<p>Il premio procapite \u00e8 pari a \u20ac 4,20. Per il personale interessato, il versamento sul conto della scuola potr\u00e0 essere cumulativo con l\u2019indicazione della seguente causale:<\/p>\n<p>ASSICURAZIONE 2019 N. unit\u00e0 personale plesso________________<\/p>\n<p>e dovr\u00e0 essere corredato da elenco nominativo.<\/p>\n<h3>I versamenti andranno effettuati, entro e non oltre il 20\/11\/2018 sul c\/c della scuola.<\/h3>\n<p>IBAN: IT46J0837876200000000335629<\/p>\n<p>Cassa Rurale BCC Battipaglia e Mont. Rovella<\/p>\n<p>Gli elenchi per classe e gli elenchi personale dovranno essere consegnati entro la stessa data in Segreteria-ufficio contabilit\u00e0.<\/p>\n<p>Si ricorda che l\u2019adesione \u00e8 a titolo gratuito per i seguenti soggetti:<\/p>\n<ol>\n<li>Alunni diversamente abili<\/li>\n<li>Insegnanti di sostegno<\/li>\n<\/ol>\n<p>Si allegano condizioni di polizza<\/p>\n<p><em><strong>Il dirigente scolastico<\/strong><\/em><\/p>\n<p><em><strong>Roberta Talamo<\/strong><\/em><\/p>\n","protected":false},"excerpt":{"rendered":"<p>COPERTURA ASSICURATIVA 2019<\/p>\n","protected":false},"author":1,"featured_media":0,"comment_status":"closed","ping_status":"closed","sticky":false,"template":"","format":"standard","meta":{"footnotes":""},"categories":[633],"tags":[380],"class_list":["post-11654","post","type-post","status-publish","format-standard","hentry","category-avvisi","tag-copertura-assicurativa-2019"],"_links":{"self":[{"href":"https:\/\/www.geneinformatico.it\/gonzaga\/wp-json\/wp\/v2\/posts\/11654","targetHints":{"allow":["GET"]}}],"collection":[{"href":"https:\/\/www.geneinformatico.it\/gonzaga\/wp-json\/wp\/v2\/posts"}],"about":[{"href":"https:\/\/www.geneinformatico.it\/gonzaga\/wp-json\/wp\/v2\/types\/post"}],"author":[{"embeddable":true,"href":"https:\/\/www.geneinformatico.it\/gonzaga\/wp-json\/wp\/v2\/users\/1"}],"replies":[{"embeddable":true,"href":"https:\/\/www.geneinformatico.it\/gonzaga\/wp-json\/wp\/v2\/comments?post=11654"}],"version-history":[{"count":0,"href":"https:\/\/www.geneinformatico.it\/gonzaga\/wp-json\/wp\/v2\/posts\/11654\/revisions"}],"wp:attachment":[{"href":"https:\/\/www.geneinformatico.it\/gonzaga\/wp-json\/wp\/v2\/media?parent=11654"}],"wp:term":[{"taxonomy":"category","embeddable":true,"href":"https:\/\/www.geneinformatico.it\/gonzaga\/wp-json\/wp\/v2\/categories?post=11654"},{"taxonomy":"post_tag","embeddable":true,"href":"https:\/\/www.geneinformatico.it\/gonzaga\/wp-json\/wp\/v2\/tags?post=11654"}],"curies":[{"name":"wp","href":"https:\/\/api.w.org\/{rel}","templated":true}]}}